{"id":382,"date":"2015-06-23T18:38:07","date_gmt":"2015-06-23T16:38:07","guid":{"rendered":"http:\/\/www.afat.ch\/?p=382"},"modified":"2016-09-06T16:21:20","modified_gmt":"2016-09-06T14:21:20","slug":"i-professionisti-dellaudiovisivo-sulle-esternazioni-dellon-fabio-regazzi","status":"publish","type":"post","link":"https:\/\/www.afat.ch\/?p=382","title":{"rendered":"I professionisti dell\u2019audiovisivo sulle esternazioni dell\u2019on. Fabio Regazzi"},"content":{"rendered":"<p>Riceviamo e pubblichiamo in &#8220;lettere aperte&#8221; questo comunicato da parte dei registi e sceneggiatori indipendenti della Svizzera italiana (GRSI) a proposito delle esternazioni dell\u2019on. Fabio Regazzi sull\u2019assunzione dell\u2019attrice e scrittrice Giorgia W\u00fcrth come animatrice radiofonica per Rete Uno della RSI<\/p>\n<blockquote><p>Chiss\u00e0 se luned\u00ec 22 giugno Fabio Regazzi, mentre festeggiava il suo 53.mo compleanno, si \u00e8 appartato un attimo per ascoltare l\u2019esordio radiofonico della persona che si \u00e8 permesso di denigrare pubblicamente, pur non conoscendola. Chiss\u00e0 se ha pensato a quali emozioni stava provando Giorgia W\u00fcrth. Un\u2019attrice e scrittrice alla quale Regazzi ha dato della sciacquetta, permettendosi poi di dire che \u00e8 una donna che \u201cha impostato la sua carriera sulle sue caratteristiche fisiche\u201d pur conoscendo il suo lavoro attraverso qualche minuto di navigazione in internet. Ha poi anche detto che con queste caratteristiche una donna non pu\u00f2 che attendersi commenti che toccano la sfera della sessualit\u00e0.<br \/>\nQuindi Giorgia W\u00fcrth secondo Regazzi va giudicata non per la qualit\u00e0 di ci\u00f2 che diffonder\u00e0 nell&#8217;etere, non per la sua capacit\u00e0 di raccontare storie, intrattenere il pubblico, condividere e suscitare emozioni, pensieri, evocare mondi, suoni e informazioni.<br \/>\nNon siamo d\u2019accordo. Niente giustifica gli attacchi personali e la volgarit\u00e0 verso le donne.<br \/>\nSe un giorno dovessimo avere la fortuna di ospitare Julia Roberts in una delle nostre pellicole, dobbiamo aspettarci di venir aggrediti ancora prima che il film esca nelle sale cinematografiche, colpevoli di aver lavorato con un\u2019attrice sciacquetta che ha \u201cinterpretato\u201d una disinibita meretrice e lavorato in pellicole dalla dubbia moralit\u00e0 impostando la sua carriera sul suo corpo.<br \/>\nMa il signor Regazzi non usa forse anche la sua immagine per la carriera politica?<br \/>\nFino ad alcuni secoli fa quella degli attori era considerata una categoria immorale, tanto che non era concessa loro la sepoltura in terra consacrata. Stiamo tornando a quell\u2019epoca l\u00ec?<br \/>\nNoi professionisti indipendenti del cinema e dell\u2019audiovisivo in Ticino siamo perplessi per l\u2019attacco portato a Giorgia W\u00fcrth.<br \/>\nPi\u00f9 in generale siamo molto preoccupati dalla deriva che una parte sempre pi\u00f9 ampia della politica locale sta acquisendo.<br \/>\nNon amiamo entrare nel merito della cronaca politica, il nostro ruolo nella societ\u00e0 \u00e8 di mostrare, scardinare, illuminare, far riflettere e, perch\u00e9 no, sdrammatizzare su ci\u00f2 che siamo, eravamo e saremo. Ma non possiamo sorvolare su questa condanna in contumacia, cos\u00ec facile, cos\u00ec strumentale. L\u2019espressione delle opinioni \u00e8 un diritto. La protezione della dignit\u00e0 delle persone \u00e8 un dovere, soprattutto da parte di un rappresentante del popolo.<br \/>\nChi fa politica non \u00e8 autorizzato a dire tutto, a farsi garante di non si sa bene quale \u201cmorale collettiva\u201d. Chi fa politica non pu\u00f2 &#8211; e questo \u00e8 l\u2019aspetto che pi\u00f9 ci preoccupa &#8211; permettersi di infierire sui contenuti della cultura e dell\u2019arte. Chi fa politica deve adoperarsi perch\u00e9 la popolazione viva meglio. Nessuno di noi vuole una politica che aggiunga zizzania, paura e malessere al suo quotidiano. Piuttosto, tutti noi chiediamo alla politica di permetterci di sognare, di indagare, di portare il bello l\u00e0 dove ancora non lo si conosce.<\/p>\n<p>Il Gruppo Registi e Sceneggiatori della Svizzera Italiana GRSI dell\u2019Associazione Svizzera Registi e Sceneggiatori (ARF) e altri professionisti del cinema indipendente.<\/p>\n<p>Michele Andreoli, Michael Beltrami, Erik Bernasconi, Nicola Bernasconi, Niccol\u00f2 Castelli, Olmo Cerri, Alessandra Gavin-M\u00fcller, Villi Hermann, Fulvio Mariani, Julian Martin, Laura Pennisi, Michela Pini, Assunta Ranieri, Klaudia Reynicke, Vito Robbiani, Patrick Soergel, Amel Soudani, Mohammed Soudani, Tiziana Soudani\n<\/p><\/blockquote>\n","protected":false},"excerpt":{"rendered":"<p>Riceviamo e pubblichiamo in &#8220;lettere aperte&#8221; questo comunicato da parte  [&#8230;]<\/p>\n","protected":false},"author":1,"featured_media":0,"comment_status":"closed","ping_status":"closed","sticky":false,"template":"","format":"standard","meta":{"footnotes":""},"categories":[1],"tags":[46,45,38,6],"class_list":["post-382","post","type-post","status-publish","format-standard","hentry","category-lettere-aperte","tag-grsi","tag-politica","tag-radio","tag-ticino"],"_links":{"self":[{"href":"https:\/\/www.afat.ch\/index.php?rest_route=\/wp\/v2\/posts\/382","targetHints":{"allow":["GET"]}}],"collection":[{"href":"https:\/\/www.afat.ch\/index.php?rest_route=\/wp\/v2\/posts"}],"about":[{"href":"https:\/\/www.afat.ch\/index.php?rest_route=\/wp\/v2\/types\/post"}],"author":[{"embeddable":true,"href":"https:\/\/www.afat.ch\/index.php?rest_route=\/wp\/v2\/users\/1"}],"replies":[{"embeddable":true,"href":"https:\/\/www.afat.ch\/index.php?rest_route=%2Fwp%2Fv2%2Fcomments&post=382"}],"version-history":[{"count":4,"href":"https:\/\/www.afat.ch\/index.php?rest_route=\/wp\/v2\/posts\/382\/revisions"}],"predecessor-version":[{"id":513,"href":"https:\/\/www.afat.ch\/index.php?rest_route=\/wp\/v2\/posts\/382\/revisions\/513"}],"wp:attachment":[{"href":"https:\/\/www.afat.ch\/index.php?rest_route=%2Fwp%2Fv2%2Fmedia&parent=382"}],"wp:term":[{"taxonomy":"category","embeddable":true,"href":"https:\/\/www.afat.ch\/index.php?rest_route=%2Fwp%2Fv2%2Fcategories&post=382"},{"taxonomy":"post_tag","embeddable":true,"href":"https:\/\/www.afat.ch\/index.php?rest_route=%2Fwp%2Fv2%2Ftags&post=382"}],"curies":[{"name":"wp","href":"https:\/\/api.w.org\/{rel}","templated":true}]}}