{"id":329,"date":"2015-05-20T08:44:35","date_gmt":"2015-05-20T06:44:35","guid":{"rendered":"http:\/\/www.afat.ch\/?p=329"},"modified":"2022-04-30T22:08:10","modified_gmt":"2022-04-30T20:08:10","slug":"dalla-stampa-votazione-nuovo-canone-radio-tv","status":"publish","type":"post","link":"https:\/\/www.afat.ch\/?p=329","title":{"rendered":"AFAT per un S\u00cc al nuovo canone Radio-TV (revisione LRTV)"},"content":{"rendered":"<p><em>ultima modifica: 5.6.2015<\/em><\/p>\n<p><iframe src=\"https:\/\/www.youtube.com\/embed\/AS4xnnA6EKM\" width=\"560\" height=\"315\" frameborder=\"0\"><\/iframe><\/p>\n<p><strong>Proteggiamo le particolarit\u00e0 della cultura ticinese<\/strong><\/p>\n<p>I cineasti e i produttori indipendenti della Svizzera Italiana invitano a proteggere la diversit\u00e0 culturale e a difendere le minoranze linguistiche votando S\u00cc alla revisione della legge federale sulla radiotelevisione il 14 giugno.<br \/>\nLa televisione di servizio pubblico in Svizzera \u00e8 un partner fondamentale per una produzione audiovisiva di qualit\u00e0 e la diffusione di opere diverse da quelle imposte solamente dal mercato globale.<br \/>\nL\u2019indebolimento politico della SRG SSR minerebbe gravemente il futuro della produzione audiovisiva di questo paese (film di finzione, documentari, animazioni, cortometraggi&#8230;). Il rispetto della diversit\u00e0 culturale sarebbe in pericolo e inoltre sarebbero annullate le importanti ricadute economiche del settore sul territorio.<br \/>\nLa nuova legge permetter\u00e0 un abbassamento del canone per tutte le economie domestiche e tre quarti delle imprese saranno esentate, quindi porter\u00e0 a un canone pi\u00f9 equo e solidale.<br \/>\nPer questo L\u2019Associazione Film e Audiovisivi Ticino (AFAT) unita al Gruppo Registi e Sceneggiatori della Svizzera Italiana (GRSI) invitano tutti i Ticinesi a sostenere chiaramente il S\u00cc alla revisione della LRTV il 14 giugno prossimo.<\/p>\n<p>\u2192 <a href=\"https:\/\/www.afat.ch\/wp-content\/uploads\/2015\/05\/150605_AFAT_ARFGRSI_votazione14giugno.pdf\">scarica il comunicato stampa ufficiale<\/a> (PDF).<\/p>\n<p>Qui di seguito riportiamo alcuni testi che ben riassumono le motivazioni per cui secondo AFAT e i suoi membri bisogna sostenere la revisione della legge. Dapprima una comunicazione ufficiale della SSA, Societ\u00e0 Svizzera degli Autori, quindi un articolo di Villi Hermann, membro AFAT.<\/p>\n<p>Presa di posizione della <a href=\"http:\/\/ssa.ch\" target=\"_blank\" rel=\"noopener\">SSA (Societ\u00e0 Svizzera degli Autori)<\/a> del 28.5.2015:<\/p>\n<blockquote><p>Siete probabilmente a conoscenza dei dibattiti che animano i media e i social network in vista della prossima revisione della Legge federale sulla radiotelevisione (LRTV), sottomessa alla votazione popolare il 14 giugno prossimo a seguito del referendum lanciato dall\u2019Unione Svizzera delle Arti e Mestieri (USAM).<\/p>\n<p>Nella riunione del 19 marzo 2015, il consiglio d\u2019amministrazione della SSA ha esaminato i punti di maggior rilievo di questa votazione. Ha constatato che la nuova legge permetter\u00e0 un abbassamento del canone per tutte le economie domestiche e tre quarti delle imprese saranno esentate.<\/p>\n<p>L\u2019insieme del mondo politico (tranne l\u2019UDC) e la maggior parte degli attori economici (compresa economiesuisse) sono favorevoli. Non si pu\u00f2 quindi che restare stupiti dal fervore che suscita quest\u2019oggetto, che consiste, tutto sommato, in una revisione tecnica.<\/p>\n<p>In tale contesto, la SSA attira l\u2019attenzione dei suoi soci sul fatto che tutti gli attori del mondo culturale svizzero hanno bisogno di una radio e di una televisione pubblica forte e pluralista.<\/p>\n<p>Nel settore audiovisivo in particolare, la SSR \u00e8 un partner insostituibile per la coproduzione e la diffusione. Il suo indebolimento minerebbe gravemente il futuro della produzione audiovisiva di questo paese, per la fiction sicuramente, ma anche per il documentario.<\/p>\n<p>Per il teatro, impossibile far risuonare mediaticamente i nostri spettacoli senza l\u2019attenzione costante delle redazioni culturali della SSR. Senza dimenticare che quest\u2019ultima ha fatto molto per i nostri comici di ieri e di oggi!<\/p>\n<p>Infine, \u2013 aspetto non trascurabile fra gli elementi in gioco il 14 giugno \u2013 la revisione riserva dei mezzi importanti alle radio e alle televisioni regionali private, il cui lavoro di prossimit\u00e0 \u00e8 fondamentale in un paese come il nostro.<\/p>\n<p>Non perdiamo quindi di vista il vero obiettivo e permettiamo agli abitanti di questo paese di avere accesso all\u2019offerta radio-televisiva con un canone pi\u00f9 modesto di quello attuale! \u00c8 in questo senso che la SSA vi invita a sostenere chiaramente il S\u00cc alla revisione della LRTV il 14 giugno prossimo.<\/p>\n<p>Denis Rabaglia, Presidente del consiglio d\u2019amministrazione<br \/>\nJ\u00fcrg Ruchti, Direttore<\/p>\n<p>Membri del Consiglio d\u2019amministrazione: Fabienne Berger, Fulvio Bernasconi, Christophe Bugnon, Louis Crelier, Anne Deluz, Emmanuelle de Riedmatten, Zoltan Horvath, Antoine Jaccoud, Charles Lombard, Marielle Pinsard, Yves Robert, Nicolas Wadimoff, Philippe Zoelly<\/p><\/blockquote>\n<p>Segue una riflessione personale del socio AFAT Villi Hermann pubblicata il 19 maggio sul Corriere del Ticino.<\/p>\n<p><a href=\"https:\/\/www.afat.ch\/wp-content\/uploads\/2015\/05\/150519_press_votazioneCanone_VHermann.pdf\" target=\"_blank\" rel=\"noopener\">\u2192 scarica in versione PDF<\/a><\/p>\n<p><a href=\"https:\/\/www.afat.ch\/wp-content\/uploads\/2015\/05\/150519_press_votazioneCanone_VHermann.jpg\"><img decoding=\"async\" class=\"aligncenter size-full wp-image-330\" title=\"150519_press_votazioneCanone_VHermann\" src=\"https:\/\/www.afat.ch\/wp-content\/uploads\/2015\/05\/150519_press_votazioneCanone_VHermann.jpg\" alt=\"\" width=\"595\" height=\"842\" srcset=\"https:\/\/www.afat.ch\/wp-content\/uploads\/2015\/05\/150519_press_votazioneCanone_VHermann-211x300.jpg 211w, https:\/\/www.afat.ch\/wp-content\/uploads\/2015\/05\/150519_press_votazioneCanone_VHermann.jpg 595w\" sizes=\"(max-width: 595px) 100vw, 595px\" \/><\/a><\/p>\n<p>&nbsp;<\/p>\n<p><em>\u00a0<\/em><\/p>\n","protected":false},"excerpt":{"rendered":"<p>ultima modifica: 5.6.2015 Proteggiamo le particolarit\u00e0 della cultura ticinese I  [&#8230;]<\/p>\n","protected":false},"author":1,"featured_media":0,"comment_status":"closed","ping_status":"closed","sticky":false,"template":"","format":"standard","meta":{"footnotes":""},"categories":[3],"tags":[43,38,42,40,41,22,37,25,39],"class_list":["post-329","post","type-post","status-publish","format-standard","hentry","category-news","tag-lrtv","tag-radio","tag-radiotelevisione","tag-srg","tag-ssa","tag-svizzera","tag-televisione","tag-villi-hermann","tag-votazioni"],"_links":{"self":[{"href":"https:\/\/www.afat.ch\/index.php?rest_route=\/wp\/v2\/posts\/329","targetHints":{"allow":["GET"]}}],"collection":[{"href":"https:\/\/www.afat.ch\/index.php?rest_route=\/wp\/v2\/posts"}],"about":[{"href":"https:\/\/www.afat.ch\/index.php?rest_route=\/wp\/v2\/types\/post"}],"author":[{"embeddable":true,"href":"https:\/\/www.afat.ch\/index.php?rest_route=\/wp\/v2\/users\/1"}],"replies":[{"embeddable":true,"href":"https:\/\/www.afat.ch\/index.php?rest_route=%2Fwp%2Fv2%2Fcomments&post=329"}],"version-history":[{"count":19,"href":"https:\/\/www.afat.ch\/index.php?rest_route=\/wp\/v2\/posts\/329\/revisions"}],"predecessor-version":[{"id":1091,"href":"https:\/\/www.afat.ch\/index.php?rest_route=\/wp\/v2\/posts\/329\/revisions\/1091"}],"wp:attachment":[{"href":"https:\/\/www.afat.ch\/index.php?rest_route=%2Fwp%2Fv2%2Fmedia&parent=329"}],"wp:term":[{"taxonomy":"category","embeddable":true,"href":"https:\/\/www.afat.ch\/index.php?rest_route=%2Fwp%2Fv2%2Fcategories&post=329"},{"taxonomy":"post_tag","embeddable":true,"href":"https:\/\/www.afat.ch\/index.php?rest_route=%2Fwp%2Fv2%2Ftags&post=329"}],"curies":[{"name":"wp","href":"https:\/\/api.w.org\/{rel}","templated":true}]}}